{"id":9168,"date":"2021-12-15T11:38:23","date_gmt":"2021-12-15T10:38:23","guid":{"rendered":"https:\/\/kasprowicz.edu.pl\/?p=9168"},"modified":"2021-12-15T11:39:19","modified_gmt":"2021-12-15T10:39:19","slug":"wieczor-autorski-elzbiety-wasinskiej","status":"publish","type":"post","link":"https:\/\/kasprowicz.edu.pl\/?p=9168","title":{"rendered":"Wiecz\u00f3r autorski El\u017cbiety Wasi\u0144skiej"},"content":{"rendered":"<p>13 grudnia w sali tarasowej KDK mia\u0142o miejsce wyj\u0105tkowe spotkanie promuj\u0105ce najnowsz\u0105 ksi\u0105\u017ck\u0119 El\u017cbiety Wasi\u0144skiej \u2013 \u201ePod\u0105\u017caj\u0105c ku przeznaczeniu\u201d.<br \/>\nSpotkanie okraszone zosta\u0142o programem s\u0142owno-muzycznym w wykonaniu uczni\u00f3w II LO im. Jana Kasprowicza w Kutnie pod kierownictwem Barbary Rostek-Nowackiej. \u201ePod\u0105\u017caj\u0105c ku przeznaczeniu&#8221; jest drug\u0105 ksi\u0105\u017ck\u0105 autorstwa El\u017cbiety Wasi\u0144skiej. W 2016 roku autorka wyda\u0142a &#8222;Niecierpliwo\u015b\u0107 duszy&#8221;, tomik zawieraj\u0105cy poezj\u0119 i kilka kr\u00f3tkich opowiada\u0144.<br \/>\nPrzygotowuj\u0105c w\u0142a\u015bnie wydan\u0105 powie\u015b\u0107 autorka wyrusza w nieznan\u0105 podr\u00f3\u017c&#8230; podr\u00f3\u017c ku przesz\u0142o\u015bci. Pokazuj\u0105c niewielki u\u0142amek z \u017cycia swoich rodzic\u00f3w si\u0119ga do historii, kt\u00f3ra si\u0119 wydarzy\u0142a w 1948 roku. Inspiracj\u0105 do napisania ksi\u0105\u017cki sta\u0142y si\u0119 mi\u0119dzy innymi listy, kt\u00f3re po \u015bmierci rodzic\u00f3w trafi\u0142y w jej r\u0119ce. Listy pisane do jej mamy przepe\u0142nia\u0142a wielka mi\u0142o\u015b\u0107&#8230; Mi\u0142o\u015b\u0107, kt\u00f3ra towarzyszy\u0142a jej rodzicom przez ca\u0142e wsp\u00f3lnie sp\u0119dzone \u017cycie.<\/p>\n<p><em>&#8222;Pod\u0105\u017caj\u0105c ku przeznaczeniu&#8221; to prawdziwa historia moich Rodzic\u00f3w, opisuj\u0105ca zaledwie 79 dni, historia opowiadana ustami Mamy, o wielkiej, jedynej i odwzajemnionej mi\u0142o\u015bci do cz\u0142owieka, kt\u00f3ry sp\u0119dzi\u0142 z ni\u0105 ca\u0142e swoje \u017cycie<\/em> \u2013 m\u00f3wi autorka powie\u015bci.<\/p>\n<p>Ksi\u0105\u017cka zosta\u0142a wydana przez Stowarzyszenie Absolwent\u00f3w i Przyjaci\u00f3\u0142 II LO im. Jana Kasprowicza w Kutnie, przy wsp\u00f3\u0142finansowaniu ze \u015brodk\u00f3w Miasta Kutno.<\/p>\n<p><span style=\"color: #99ccff;\"><strong>KLIKNIJ W DOWOLNE ZDJ\u0118CIE:<\/strong><\/span>\n","protected":false},"excerpt":{"rendered":"<p>13 grudnia w sali tarasowej KDK mia\u0142o miejsce wyj\u0105tkowe spotkanie promuj\u0105ce najnowsz\u0105 ksi\u0105\u017ck\u0119 El\u017cbiety Wasi\u0144skiej \u2013 \u201ePod\u0105\u017caj\u0105c ku przeznaczeniu\u201d. Spotkanie<\/p>\n","protected":false},"author":5,"featured_media":0,"comment_status":"open","ping_status":"open","sticky":false,"template":"","format":"standard","meta":{"colormag_page_container_layout":"default_layout","colormag_page_sidebar_layout":"default_layout","footnotes":""},"categories":[3],"tags":[],"class_list":["post-9168","post","type-post","status-publish","format-standard","hentry","category-aktualnosci"],"_links":{"self":[{"href":"https:\/\/kasprowicz.edu.pl\/index.php?rest_route=\/wp\/v2\/posts\/9168","targetHints":{"allow":["GET"]}}],"collection":[{"href":"https:\/\/kasprowicz.edu.pl\/index.php?rest_route=\/wp\/v2\/posts"}],"about":[{"href":"https:\/\/kasprowicz.edu.pl\/index.php?rest_route=\/wp\/v2\/types\/post"}],"author":[{"embeddable":true,"href":"https:\/\/kasprowicz.edu.pl\/index.php?rest_route=\/wp\/v2\/users\/5"}],"replies":[{"embeddable":true,"href":"https:\/\/kasprowicz.edu.pl\/index.php?rest_route=%2Fwp%2Fv2%2Fcomments&post=9168"}],"version-history":[{"count":2,"href":"https:\/\/kasprowicz.edu.pl\/index.php?rest_route=\/wp\/v2\/posts\/9168\/revisions"}],"predecessor-version":[{"id":9170,"href":"https:\/\/kasprowicz.edu.pl\/index.php?rest_route=\/wp\/v2\/posts\/9168\/revisions\/9170"}],"wp:attachment":[{"href":"https:\/\/kasprowicz.edu.pl\/index.php?rest_route=%2Fwp%2Fv2%2Fmedia&parent=9168"}],"wp:term":[{"taxonomy":"category","embeddable":true,"href":"https:\/\/kasprowicz.edu.pl\/index.php?rest_route=%2Fwp%2Fv2%2Fcategories&post=9168"},{"taxonomy":"post_tag","embeddable":true,"href":"https:\/\/kasprowicz.edu.pl\/index.php?rest_route=%2Fwp%2Fv2%2Ftags&post=9168"}],"curies":[{"name":"wp","href":"https:\/\/api.w.org\/{rel}","templated":true}]}}