{"id":8684,"date":"2021-11-12T08:44:40","date_gmt":"2021-11-12T07:44:40","guid":{"rendered":"https:\/\/kasprowicz.edu.pl\/?p=8684"},"modified":"2021-11-12T08:44:40","modified_gmt":"2021-11-12T07:44:40","slug":"kasprowicz-uczcil-swieto-niepodleglosci","status":"publish","type":"post","link":"https:\/\/kasprowicz.edu.pl\/?p=8684","title":{"rendered":"Kasprowicz uczci\u0142 \u015awi\u0119to Niepodleg\u0142o\u015bci"},"content":{"rendered":"<p>Jak co roku, nasze Liceum pami\u0119ta\u0142o o Niepodleg\u0142ej. 10 listopada wzi\u0119li\u015bmy udzia\u0142 w kolejnej edycji akcji Ministerstwa Edukacji i Nauki \u201eSzko\u0142a do hymnu\u201d. O godzinie 11.11 we wszystkich klasach Kasprowicza od\u015bpiewano Mazurek D\u0105browskiego.<\/p>\n<p>Natomiast 11 listopada delegacja klasy 3bg uczestniczy\u0142a w miejskich uroczysto\u015bciach \u015awi\u0119ta Niepodleg\u0142o\u015bci. Tym samym rozpocz\u0119li\u015bmy XXXVIII Dni Historii, kt\u00f3re w tym roku przebiegn\u0105 pod has\u0142em II Rzeczpospolita &#8211; &#8222;Kraj z trzech po\u0142\u00f3wek&#8221;.<\/p>\n<p><span style=\"color: #99ccff;\"><strong>KLIKNIJ W DOWOLNE ZDJ\u0118CIE:<\/strong><\/span>\n","protected":false},"excerpt":{"rendered":"<p>Jak co roku, nasze Liceum pami\u0119ta\u0142o o Niepodleg\u0142ej. 10 listopada wzi\u0119li\u015bmy udzia\u0142 w kolejnej edycji akcji Ministerstwa Edukacji i Nauki<\/p>\n","protected":false},"author":5,"featured_media":0,"comment_status":"open","ping_status":"open","sticky":false,"template":"","format":"standard","meta":{"colormag_page_container_layout":"default_layout","colormag_page_sidebar_layout":"default_layout","footnotes":""},"categories":[3,16],"tags":[],"class_list":["post-8684","post","type-post","status-publish","format-standard","hentry","category-aktualnosci","category-dni-historii"],"_links":{"self":[{"href":"https:\/\/kasprowicz.edu.pl\/index.php?rest_route=\/wp\/v2\/posts\/8684","targetHints":{"allow":["GET"]}}],"collection":[{"href":"https:\/\/kasprowicz.edu.pl\/index.php?rest_route=\/wp\/v2\/posts"}],"about":[{"href":"https:\/\/kasprowicz.edu.pl\/index.php?rest_route=\/wp\/v2\/types\/post"}],"author":[{"embeddable":true,"href":"https:\/\/kasprowicz.edu.pl\/index.php?rest_route=\/wp\/v2\/users\/5"}],"replies":[{"embeddable":true,"href":"https:\/\/kasprowicz.edu.pl\/index.php?rest_route=%2Fwp%2Fv2%2Fcomments&post=8684"}],"version-history":[{"count":1,"href":"https:\/\/kasprowicz.edu.pl\/index.php?rest_route=\/wp\/v2\/posts\/8684\/revisions"}],"predecessor-version":[{"id":8685,"href":"https:\/\/kasprowicz.edu.pl\/index.php?rest_route=\/wp\/v2\/posts\/8684\/revisions\/8685"}],"wp:attachment":[{"href":"https:\/\/kasprowicz.edu.pl\/index.php?rest_route=%2Fwp%2Fv2%2Fmedia&parent=8684"}],"wp:term":[{"taxonomy":"category","embeddable":true,"href":"https:\/\/kasprowicz.edu.pl\/index.php?rest_route=%2Fwp%2Fv2%2Fcategories&post=8684"},{"taxonomy":"post_tag","embeddable":true,"href":"https:\/\/kasprowicz.edu.pl\/index.php?rest_route=%2Fwp%2Fv2%2Ftags&post=8684"}],"curies":[{"name":"wp","href":"https:\/\/api.w.org\/{rel}","templated":true}]}}