{"id":8606,"date":"2021-10-14T17:27:44","date_gmt":"2021-10-14T15:27:44","guid":{"rendered":"https:\/\/kasprowicz.edu.pl\/?p=8606"},"modified":"2021-10-14T17:28:16","modified_gmt":"2021-10-14T15:28:16","slug":"dzien-edukacji-narodowej-w-kasprowiczu","status":"publish","type":"post","link":"https:\/\/kasprowicz.edu.pl\/?p=8606","title":{"rendered":"Dzie\u0144 Edukacji Narodowej w Kasprowiczu"},"content":{"rendered":"<p align=\"justify\">Uroczysto\u015b\u0107 z okazji Dnia Edukacji Narodowej odby\u0142a si\u0119 14 pa\u017adziernika 2021 r. Wzi\u0119\u0142y w niej udzia\u0142 delegacje wszystkich klas. \u015awi\u0119to Edukacji jest okazj\u0105 do podzi\u0119kowa\u0144 i \u017cycze\u0144 dla nauczycieli<br \/>\ni pracownik\u00f3w szko\u0142y.<\/p>\n<p align=\"justify\">Wyrazy uznania dla pracy nauczycieli i wychowawc\u00f3w przekazali zaproszeni go\u015bcie Zbigniew Leitgeber \u2013 prezes Stowarzyszenia Absolwent\u00f3w i Przyjaci\u00f3\u0142 II Liceum Og\u00f3lnokszta\u0142c\u0105cego im. Jana Kasprowicza w Kutnie oraz Aneta Domrza\u0142 \u2013 przewodnicz\u0105ca Rady Rodzic\u00f3w. Nagrod\u0105 Starosty Powiatu Kutnowskiego zostali uhonorowani Anna Adamowska i Grzegorz Stoli\u0144ski. Nagrody Dyrektora Szko\u0142y otrzymali nauczyciele Edyta Rybczy\u0144ska, Aneta Borowicz, Dorota Dobiecka \u2013 Sta\u0144ska, Urszula Matusiak, Anna Kmie\u0107 \u2013 Nogalska, Barbara Rostek \u2013 Nowacka, Renata Saramonowicz, Marcin Michalski.<\/p>\n<p style=\"text-align: left;\" align=\"justify\">Dyrektor nagrodzi\u0142 r\u00f3wnie\u017c pracownik\u00f3w niepedagogicznych szko\u0142y. W imieniu uczni\u00f3w z\u0142o\u017cy\u0142a \u017cyczenia Justyna Walicka \u2013 przewodnicz\u0105ca Samorz\u0105du Szkolnego. Na kr\u00f3tki program artystyczny z\u0142o\u017cy\u0142y si\u0119 my\u015bli o pracy nauczycieli oraz piosenki za\u015bpiewane przez Aleksandra Klembalskiego. Prezentacj\u0119 towarzysz\u0105c\u0105 uroczysto\u015bci przygotowa\u0142 Mateusz Tomczak. Prowadzili spotkanie Amelia Kubiak i Mateusz Rogozi\u0144ski.<\/p>\n<p style=\"text-align: right;\" align=\"justify\">Uroczysto\u015b\u0107 przygotowa\u0142y klasy IIIag i IIIbg<br \/>\nz wychowawcami.<\/p>\n<p align=\"justify\"><span style=\"color: #99ccff;\"><strong>KLIKNIJ W DOWOLNE ZDJ\u0118CIE:<\/strong><\/span><\/p>\n<p align=\"justify\">\n","protected":false},"excerpt":{"rendered":"<p>Uroczysto\u015b\u0107 z okazji Dnia Edukacji Narodowej odby\u0142a si\u0119 14 pa\u017adziernika 2021 r. Wzi\u0119\u0142y w niej udzia\u0142 delegacje wszystkich klas. \u015awi\u0119to<\/p>\n","protected":false},"author":5,"featured_media":0,"comment_status":"open","ping_status":"open","sticky":false,"template":"","format":"standard","meta":{"colormag_page_container_layout":"default_layout","colormag_page_sidebar_layout":"default_layout","footnotes":""},"categories":[3,11],"tags":[],"class_list":["post-8606","post","type-post","status-publish","format-standard","hentry","category-aktualnosci","category-zycie-szkoly"],"_links":{"self":[{"href":"https:\/\/kasprowicz.edu.pl\/index.php?rest_route=\/wp\/v2\/posts\/8606","targetHints":{"allow":["GET"]}}],"collection":[{"href":"https:\/\/kasprowicz.edu.pl\/index.php?rest_route=\/wp\/v2\/posts"}],"about":[{"href":"https:\/\/kasprowicz.edu.pl\/index.php?rest_route=\/wp\/v2\/types\/post"}],"author":[{"embeddable":true,"href":"https:\/\/kasprowicz.edu.pl\/index.php?rest_route=\/wp\/v2\/users\/5"}],"replies":[{"embeddable":true,"href":"https:\/\/kasprowicz.edu.pl\/index.php?rest_route=%2Fwp%2Fv2%2Fcomments&post=8606"}],"version-history":[{"count":1,"href":"https:\/\/kasprowicz.edu.pl\/index.php?rest_route=\/wp\/v2\/posts\/8606\/revisions"}],"predecessor-version":[{"id":8607,"href":"https:\/\/kasprowicz.edu.pl\/index.php?rest_route=\/wp\/v2\/posts\/8606\/revisions\/8607"}],"wp:attachment":[{"href":"https:\/\/kasprowicz.edu.pl\/index.php?rest_route=%2Fwp%2Fv2%2Fmedia&parent=8606"}],"wp:term":[{"taxonomy":"category","embeddable":true,"href":"https:\/\/kasprowicz.edu.pl\/index.php?rest_route=%2Fwp%2Fv2%2Fcategories&post=8606"},{"taxonomy":"post_tag","embeddable":true,"href":"https:\/\/kasprowicz.edu.pl\/index.php?rest_route=%2Fwp%2Fv2%2Ftags&post=8606"}],"curies":[{"name":"wp","href":"https:\/\/api.w.org\/{rel}","templated":true}]}}