{"id":8000,"date":"2021-09-18T10:30:02","date_gmt":"2021-09-18T08:30:02","guid":{"rendered":"https:\/\/kasprowicz.edu.pl\/?p=8000"},"modified":"2021-10-07T17:27:17","modified_gmt":"2021-10-07T15:27:17","slug":"tradycyjnie-integracyjnie","status":"publish","type":"post","link":"https:\/\/kasprowicz.edu.pl\/?p=8000","title":{"rendered":"Tradycyjnie integracyjnie"},"content":{"rendered":"<p><strong>Tradycyjnie integracyjnie<\/strong><\/p>\n<p>Wrzesie\u0144 zapisa\u0142 si\u0119 w kasprowiczowskiej tradycji jako miesi\u0105c powitalny dla nowych cz\u0142onk\u00f3w naszej spo\u0142eczno\u015bci,wype\u0142niony licznymi atrakcjami, w tym wyjazdami integracyjnymi. W tym roku wszystkie klasy pierwsze (<em>1a \u2013 biologiczno-chemiczna, 1b-prawno-spo\u0142eczna, 1d-humanistyczna<\/em>) uda\u0142y si\u0119 16 wrze\u015bnia do urokliwego gospodarstwa agroturystycznego w Osinach, by w jedynych i niepowtarzalnych okoliczno\u015bciach przyrody pozna\u0107 si\u0119, porozmawia\u0107 i, co najwa\u017cniejsze, sp\u0119dzi\u0107 razem czas. Ten up\u0142yn\u0105\u0142 jednak szybko na kursie strzelania z \u0142uku, zako\u0144czonym miniturniejem oraz rozrywkach rozwijaj\u0105cych zdolno\u015bci interpersonalne, kt\u00f3rych pomys\u0142odawczyni\u0105 by\u0142a niezast\u0105piona Pani pedagog Anna Adamowska.<\/p>\n<p>Pogoda dopisa\u0142a, wi\u0119c nied\u0142ugo potem nast\u0105pi\u0142 kulminacyjny moment wycieczki, a mianowicie ognisko, a jak ognisko to obowi\u0105zkowo wsp\u00f3lny \u015bpiew i taniec\u2026 no i oczywi\u015bcie mi\u0119dzyklasowe rozgrywki sportowe.<\/p>\n<p>Zach\u0119camy do obejrzenia fotorelacji. Z pewno\u015bci\u0105 poczujecie wtedy niesamowity klimat kszta\u0142towania si\u0119 kasprowiczowskich relacji\u2026<\/p>\n<p><strong><span style=\"color: #99ccff;\">KLIKNIJ W DOWOLNE ZDJ\u0118CIE:<\/span><\/strong><span style=\"color: #000000;\"><\/span><\/p>\n","protected":false},"excerpt":{"rendered":"<p>Tradycyjnie integracyjnie Wrzesie\u0144 zapisa\u0142 si\u0119 w kasprowiczowskiej tradycji jako miesi\u0105c powitalny dla nowych cz\u0142onk\u00f3w naszej spo\u0142eczno\u015bci,wype\u0142niony licznymi atrakcjami, w tym<\/p>\n","protected":false},"author":5,"featured_media":0,"comment_status":"open","ping_status":"open","sticky":false,"template":"","format":"standard","meta":{"colormag_page_container_layout":"default_layout","colormag_page_sidebar_layout":"default_layout","footnotes":""},"categories":[3,9,25,11],"tags":[],"class_list":["post-8000","post","type-post","status-publish","format-standard","hentry","category-aktualnosci","category-z-plecakiem","category-wycieczki","category-zycie-szkoly"],"_links":{"self":[{"href":"https:\/\/kasprowicz.edu.pl\/index.php?rest_route=\/wp\/v2\/posts\/8000","targetHints":{"allow":["GET"]}}],"collection":[{"href":"https:\/\/kasprowicz.edu.pl\/index.php?rest_route=\/wp\/v2\/posts"}],"about":[{"href":"https:\/\/kasprowicz.edu.pl\/index.php?rest_route=\/wp\/v2\/types\/post"}],"author":[{"embeddable":true,"href":"https:\/\/kasprowicz.edu.pl\/index.php?rest_route=\/wp\/v2\/users\/5"}],"replies":[{"embeddable":true,"href":"https:\/\/kasprowicz.edu.pl\/index.php?rest_route=%2Fwp%2Fv2%2Fcomments&post=8000"}],"version-history":[{"count":1,"href":"https:\/\/kasprowicz.edu.pl\/index.php?rest_route=\/wp\/v2\/posts\/8000\/revisions"}],"predecessor-version":[{"id":8002,"href":"https:\/\/kasprowicz.edu.pl\/index.php?rest_route=\/wp\/v2\/posts\/8000\/revisions\/8002"}],"wp:attachment":[{"href":"https:\/\/kasprowicz.edu.pl\/index.php?rest_route=%2Fwp%2Fv2%2Fmedia&parent=8000"}],"wp:term":[{"taxonomy":"category","embeddable":true,"href":"https:\/\/kasprowicz.edu.pl\/index.php?rest_route=%2Fwp%2Fv2%2Fcategories&post=8000"},{"taxonomy":"post_tag","embeddable":true,"href":"https:\/\/kasprowicz.edu.pl\/index.php?rest_route=%2Fwp%2Fv2%2Ftags&post=8000"}],"curies":[{"name":"wp","href":"https:\/\/api.w.org\/{rel}","templated":true}]}}