{"id":7823,"date":"2021-09-03T17:22:54","date_gmt":"2021-09-03T15:22:54","guid":{"rendered":"https:\/\/kasprowicz.edu.pl\/?p=7823"},"modified":"2021-09-03T17:29:09","modified_gmt":"2021-09-03T15:29:09","slug":"wedrowka-jedna-zycie-jest-czlowieka-czyli-rozpoczecie-roku-szkolnego-2021-22","status":"publish","type":"post","link":"https:\/\/kasprowicz.edu.pl\/?p=7823","title":{"rendered":"W\u0119dr\u00f3wk\u0105 jedn\u0105 \u017cycie jest cz\u0142owieka&#8230; Czyli rozpocz\u0119cie roku szkolnego 2021\/22."},"content":{"rendered":"<p><strong>W\u0119dr\u00f3wk\u0105\u00a0jedn\u0105\u00a0\u017cycie jest cz\u0142owieka&#8230;<\/strong><\/p>\n<p>Te s\u0142owa Edwarda Stachury\u00a0sta\u0142y\u00a0si\u0119\u00a0motywem przewodnim uroczysto\u015bci rozpocz\u0119cia roku szkolnego w Kasprowiczu.\u00a0Do refleksji nad\u00a0\u017cyciem, jego pi\u0119knem, ale i z\u0142o\u017cono\u015bci\u0105\u00a0sk\u0142oni\u0142\u00a0nas zar\u00f3wno przygotowany na t\u0119\u00a0okoliczno\u015b\u0107\u00a0monta\u017c\u00a0s\u0142owno-muzyczny, jak i s\u0142owa skierowane do nas przez Pana Dyrektora <em>Artura Ciurleja<\/em> oraz zaproszonych go\u015bci: Pani\u0105\u00a0Wicestarost\u0119 <em>Magdalen\u0119\u00a0Krupi\u0144sk\u0105-Kotulsk\u0105<\/em>, Przewodnicz\u0105cego Stowarzyszenia Absolwent\u00f3w i Przyjaci\u00f3\u0142\u00a0II LO Pana <em>Zbigniewa Leitgebera<\/em> oraz Przewodnicz\u0105c\u0105\u00a0Rady Rodzic\u00f3w Pani\u0105\u00a0<em>Anet\u0119 Domrza\u0142<\/em>.<\/p>\n<p>Refleksj\u0119 wywo\u0142a\u0142a\u00a0jeszcze jedna okoliczno\u015b\u0107, bowiem uroczysto\u015b\u0107\u00a0by\u0142a te\u017c\u00a0okazj\u0105\u00a0do podzi\u0119kowania za wieloletni\u0105 wsp\u00f3ln\u0105\u00a0w\u0119dr\u00f3wk\u0119\u00a0szlakami Kasprowicza\u00a0nauczycielowi wychowania fizycznego,\u00a0profesorowi <em>Grzegorzowi Stoli\u0144skiemu<\/em>, kt\u00f3ry zdecydowa\u0142\u00a0si\u0119\u00a0przej\u015b\u0107\u00a0na zas\u0142u\u017con\u0105\u00a0emerytur\u0119.<\/p>\n<p>To by\u0142\u00a0tak\u017ce wa\u017cny dzie\u0144\u00a0dla uczni\u00f3w klas pierwszych, kt\u00f3rych serdecznie witamy w murach naszej szko\u0142y wierz\u0105c,\u00a0\u017ce Kasprowicz b\u0119dzie dla nich miejscem realizacji marze\u0144, rozwijania pasji i zawierania przyja\u017ani na ca\u0142e\u00a0\u017cycie. Bardzo cieszymy si\u0119,\u00a0\u017ce b\u0119dziecie nam towarzyszy\u0107\u00a0we wsp\u00f3lnej w\u0119dr\u00f3wce.<br \/>\nPo\u00a0spotkaniu\u00a0w szkole delegacja klas IIa i IId uda\u0142a si\u0119 na cmentarz miejski, by\u00a0w czasie\u00a0uroczysto\u015bci\u00a0zorganizowanej przez w\u0142adze Powiatu Kutnowskiego\u00a0uczci\u0107 pami\u0119\u0107\u00a0harcerzy i\u00a0\u017co\u0142nierzy poleg\u0142ych w czasie II wojny \u015bwiatowej.<br \/>\n<span style=\"color: #99ccff;\"><strong>KLIKNIJ W DOWOLNE ZDJ\u0118CIE:<\/strong><\/span><\/p>\n\n","protected":false},"excerpt":{"rendered":"<p>W\u0119dr\u00f3wk\u0105\u00a0jedn\u0105\u00a0\u017cycie jest cz\u0142owieka&#8230; Te s\u0142owa Edwarda Stachury\u00a0sta\u0142y\u00a0si\u0119\u00a0motywem przewodnim uroczysto\u015bci rozpocz\u0119cia roku szkolnego w Kasprowiczu.\u00a0Do refleksji nad\u00a0\u017cyciem, jego pi\u0119knem, ale i<\/p>\n","protected":false},"author":5,"featured_media":0,"comment_status":"open","ping_status":"open","sticky":false,"template":"","format":"standard","meta":{"colormag_page_container_layout":"default_layout","colormag_page_sidebar_layout":"default_layout","footnotes":""},"categories":[3,11],"tags":[],"class_list":["post-7823","post","type-post","status-publish","format-standard","hentry","category-aktualnosci","category-zycie-szkoly"],"_links":{"self":[{"href":"https:\/\/kasprowicz.edu.pl\/index.php?rest_route=\/wp\/v2\/posts\/7823","targetHints":{"allow":["GET"]}}],"collection":[{"href":"https:\/\/kasprowicz.edu.pl\/index.php?rest_route=\/wp\/v2\/posts"}],"about":[{"href":"https:\/\/kasprowicz.edu.pl\/index.php?rest_route=\/wp\/v2\/types\/post"}],"author":[{"embeddable":true,"href":"https:\/\/kasprowicz.edu.pl\/index.php?rest_route=\/wp\/v2\/users\/5"}],"replies":[{"embeddable":true,"href":"https:\/\/kasprowicz.edu.pl\/index.php?rest_route=%2Fwp%2Fv2%2Fcomments&post=7823"}],"version-history":[{"count":2,"href":"https:\/\/kasprowicz.edu.pl\/index.php?rest_route=\/wp\/v2\/posts\/7823\/revisions"}],"predecessor-version":[{"id":7826,"href":"https:\/\/kasprowicz.edu.pl\/index.php?rest_route=\/wp\/v2\/posts\/7823\/revisions\/7826"}],"wp:attachment":[{"href":"https:\/\/kasprowicz.edu.pl\/index.php?rest_route=%2Fwp%2Fv2%2Fmedia&parent=7823"}],"wp:term":[{"taxonomy":"category","embeddable":true,"href":"https:\/\/kasprowicz.edu.pl\/index.php?rest_route=%2Fwp%2Fv2%2Fcategories&post=7823"},{"taxonomy":"post_tag","embeddable":true,"href":"https:\/\/kasprowicz.edu.pl\/index.php?rest_route=%2Fwp%2Fv2%2Ftags&post=7823"}],"curies":[{"name":"wp","href":"https:\/\/api.w.org\/{rel}","templated":true}]}}