{"id":7733,"date":"2021-06-29T14:20:18","date_gmt":"2021-06-29T12:20:18","guid":{"rendered":"https:\/\/kasprowicz.edu.pl\/?p=7733"},"modified":"2021-06-30T16:29:06","modified_gmt":"2021-06-30T14:29:06","slug":"projekt-edukacji-ekologicznej-woda-zyciodajna-moc-w-kasprowiczu","status":"publish","type":"post","link":"https:\/\/kasprowicz.edu.pl\/?p=7733","title":{"rendered":"Projekt edukacji ekologicznej \u201eWoda \u2013 \u017cyciodajna moc\u201d w Kasprowiczu"},"content":{"rendered":"<p style=\"text-align: justify;\" align=\"JUSTIFY\">W II Liceum Og\u00f3lnokszta\u0142c\u0105cym im. Jana Kasprowicza w Kutnie sprawy przyrody od zawsze by\u0142y wa\u017cne. Dzi\u0119ki realizacji wielu projekt\u00f3w, szko\u0142a sta\u0142a si\u0119 centrum dzia\u0142a\u0144 ekologicznych i skupia osoby wra\u017cliwe na problemy \u015brodowiska, podejmuj\u0105c jednocze\u015bnie wiele inicjatyw proekologicznych, kt\u00f3re anga\u017cuj\u0105 nie tylko m\u0142odzie\u017c, ale tak\u017ce mieszka\u0144c\u00f3w Kutna. W latach szkolnych 2019\/2020 oraz 2020\/2021 w liceum zrealizowano autorski projekt edukacji ekologicznej \u201eWoda \u2013 \u017cyciodajna moc\u201d, dofinansowany ze \u015brodk\u00f3w WFO\u015aiGW w \u0141odzi. Ca\u0142kowity koszt zadania to 28.000 z\u0142.<\/p>\n<p align=\"JUSTIFY\"><img loading=\"lazy\" decoding=\"async\" class=\"wp-image-7741 size-medium alignright\" src=\"https:\/\/kasprowicz.edu.pl\/wp-content\/uploads\/2021\/06\/Zrzut-ekranu-2021-06-30-o-16.25.14-283x300.png\" alt=\"\" width=\"283\" height=\"300\" \/><\/p>\n<p style=\"text-align: justify;\" align=\"JUSTIFY\">W ramach projektu <span style=\"color: #000000;\">we wrze\u015bniu 2019 r. odby\u0142a si\u0119 wycieczka do Tomaszowa Mazowieckiego do rezerwatu przyrody \u201eNiebieskie \u0179r\u00f3d\u0142a\u201d, a w <\/span><span style=\"color: #000000;\">pa\u017adzierniku 2019 r. do<\/span><span style=\"color: #000000;\"> stacji uzdatniania wody oraz oczyszczalni \u015bciek\u00f3w. <\/span>W listopadzie 2019 r. odby\u0142y si\u0119 natomiast warsztaty dla uczni\u00f3w kutnowskich szk\u00f3\u0142 podstawowych, przeprowadzone przez pracownik\u00f3w naukowych z Centrum Chemii w Ma\u0142ej Skali w Toruniu.<\/p>\n<p style=\"text-align: justify;\" align=\"JUSTIFY\"><span style=\"color: #000000;\">Kluczowym elementem projektu by\u0142y liczne zaj\u0119cia terenowe. <\/span>M<span style=\"color: #000000;\">\u0142odzie\u017c m. in.: uczy\u0142a si\u0119 rozpoznawa\u0107 pospolite gatunki drzew i krzew\u00f3w teren\u00f3w nadrzecznych oraz ptak\u00f3w wodnych i b\u0142otnych, <\/span><span style=\"color: #000000;\">bada\u0142a wp\u0142yw zanieczyszcze\u0144 wody na produkcj\u0119 barwnik\u00f3w ro\u015blinnych, wykonywa\u0142a filtr do oczyszczania wody, a tak\u017ce pobiera\u0142a pr\u00f3bki wody z rzeki Ochni do obserwacji mikroskopowych i mikrobiologicznych. <\/span>Podczas realizacji projektu szko\u0142a wsp\u00f3\u0142pracowa\u0142a z akademickimi o\u015brodkami naukowymi z ca\u0142ej Polski oraz z Polsk\u0105 Akademi\u0105 Nauk. <span style=\"color: #000000;\">W lutym 2020 r. odby\u0142a si\u0119 wycieczka na Wydzia\u0142 Biologii i Ochrony \u015arodowiska Uniwersytetu \u0141\u00f3dzkiego. <\/span><span style=\"color: #000000;\">M\u0142odzie\u017c wzi\u0119\u0142a udzia\u0142 w wyk\u0142adzie pt. \u201eWodne gatunki inwazyjne \u2013 atak obcych\u201d oraz w warsztatach \u201ePrywatne \u017cycie wodnych mi\u0119czak\u00f3w\u201d.<\/span><\/p>\n<p style=\"text-align: justify;\" align=\"JUSTIFY\"><span style=\"color: #000000;\"><img loading=\"lazy\" decoding=\"async\" class=\"wp-image-7726 size-large aligncenter\" src=\"https:\/\/kasprowicz.edu.pl\/wp-content\/uploads\/2021\/06\/9-1-1024x472.jpg\" alt=\"\" width=\"800\" height=\"369\" \/>W Projekt zostali zaanga\u017cowani r\u00f3wnie\u017c rodzice, kt\u00f3rzy mogli uczestniczy\u0107 w warsztatach na temat zagro\u017ce\u0144 wynikaj\u0105cych z niew\u0142a\u015bciwego gospodarowania zasobami wodnymi, co przyczyni\u0142o si\u0119 do zwi\u0119kszenia \u015bwiadomo\u015bci ekologicznej rodzic\u00f3w i zmiany niew\u0142a\u015bciwych nawyk\u00f3w w gospodarstwach domowych.<\/span><\/p>\n<p style=\"text-align: justify;\" align=\"JUSTIFY\"><span style=\"color: #000000;\">Z uwagi na zawieszenie zaj\u0119\u0107 dydaktycznych, projekt \u201eWoda \u2013 \u017cyciodajna moc\u201d by\u0142 r\u00f3wnie\u017c realizowany w roku szkolnym 2020\/2021. W tym czasie <\/span><span style=\"color: #000000;\">zakupiono kolorowanki ekologiczne, kt\u00f3re nast\u0119pnie przekazano do Przedszkola Miejskiego nr 15 w Kutnie z okazji \u015awiatowego Dnia Wody, aby podnie\u015b\u0107 \u015bwiadomo\u015b\u0107 najm\u0142odszych na temat potrzeby oszcz\u0119dzania wody. Dzieci przez zabaw\u0119 pozna\u0142y sposoby oszcz\u0119dzania wody. Odby\u0142y si\u0119 tak\u017ce dwa konkursy. Pierwszy z nich pt.:<\/span> \u201eWoda \u2013 moc natury\u201d skierowany by\u0142 dla uczni\u00f3w szk\u00f3\u0142 podstawowych i ponadpodstawowych powiatu kutnowskiego i dotyczy\u0142 roli wody w organizmach \u017cywych, jej budowy chemicznej i w\u0142a\u015bciwo\u015bci fizycznych oraz sposob\u00f3w jej ochrony, a tak\u017ce zagro\u017ce\u0144 wynikaj\u0105cych z niew\u0142a\u015bciwego gospodarowania wod\u0105. Drugi konkurs \u2013 fotograficzny pt.: <span style=\"color: #000000;\">\u201ePi\u0119kno ukryte w wodzie\u201d, by\u0142 przeznaczony dla uczni\u00f3w II LO, i polega\u0142 na uchwyceniu bior\u00f3\u017cnorodno\u015bci teren\u00f3w podmok\u0142ych, torfowisk, bagien oraz zbiornik\u00f3w wodnych w obiektywie. W obu powy\u017cszych konkursach najlepsi uczestnicy otrzymali nagrody i dyplomy.<\/span><\/p>\n<p style=\"text-align: justify;\" align=\"JUSTIFY\"><span style=\"color: #000000;\">W czerwcu 2021 r. odby\u0142o si\u0119 g\u0142\u00f3wne wydarzenie ca\u0142ego Projektu, a mianowicie niezwyk\u0142a wycieczka do Biebrza\u0144skiego Parku Narodowego. <\/span><span style=\"color: #000000;\">M\u0142odzie\u017c uczestniczy\u0142a w wyprawach terenowych oznaczonych nazwami: \u201eTropem bobra\u201d, \u201eW ostoi \u0142osia\u201d, \u201ePodgl\u0105daj\u0105c ptasie pere\u0142ki\u201d, \u201eW \u015bwiecie owado\u017cernej rosiczki\u201d, \u201eTropami wilka\u201d, \u201ePoczu\u0107 smak bagien\u201d, \u201eWodne stwory-bezkr\u0119gowce\u201d. Uczniowie poznali ekosystemy wodne oraz r\u00f3\u017cnorodno\u015b\u0107 gatunkow\u0105 teren\u00f3w nadbiebrza\u0144skich. Zrozumieli ich znaczenie oraz zale\u017cno\u015bci panuj\u0105ce mi\u0119dzy ekosystemami l\u0105dowymi a wodnymi.<\/span><\/p>\n<p style=\"text-align: justify;\" align=\"JUSTIFY\"><span style=\"color: #000000;\">Warto tak\u017ce zauwa\u017cy\u0107, i\u017c pozyskane w ramach projektu \u015brodki pozwoli\u0142y r\u00f3wnie\u017c doposa\u017cy\u0107 szkoln\u0105 eko-pracowni\u0119 w nowoczesne mikroskopy z kamerami, szkie\u0142ka mikroskopowe, mieszad\u0142o magnetyczne z termostatem, szk\u0142o laboratoryjne, a tak\u017ce klucze do rozpoznawania ro\u015blin i ptak\u00f3w. Projekt cieszy\u0142 si\u0119 ogromn\u0105 popularno\u015bci\u0105 w\u015br\u00f3d m\u0142odzie\u017cy. Dzi\u0119ki empirycznemu zdobywaniu wiedzy i nowoczesnym metodom pracy, kolejne pokolenia kasprowiczowskiej rodziny s\u0105 wra\u017cliwe na pi\u0119kno przyrody i odpowiedzialne za jej dobro. <\/span><\/p>\n<p style=\"text-align: right;\" align=\"JUSTIFY\"><em><span style=\"color: #000000;\">Autorka i koordynatora projektu<br \/>\n<\/span><span style=\"color: #000000;\">Anna Kmie\u0107-Nogalska <\/span><\/em><span style=\"color: #000000;\"><em>nauczyciel biologii i przyrody w II LO w Kutnie<\/em> <\/span><\/p>\n<p align=\"JUSTIFY\"><span style=\"color: #99ccff;\"><strong>KLIKNIJ W DOWOLNE ZDJ\u0118CIE:<\/strong><\/span><\/p>\n<p align=\"JUSTIFY\">\n","protected":false},"excerpt":{"rendered":"<p>W II Liceum Og\u00f3lnokszta\u0142c\u0105cym im. Jana Kasprowicza w Kutnie sprawy przyrody od zawsze by\u0142y wa\u017cne. Dzi\u0119ki realizacji wielu projekt\u00f3w, szko\u0142a<\/p>\n","protected":false},"author":1,"featured_media":0,"comment_status":"open","ping_status":"open","sticky":false,"template":"","format":"standard","meta":{"colormag_page_container_layout":"default_layout","colormag_page_sidebar_layout":"default_layout","footnotes":""},"categories":[3,11],"tags":[],"class_list":["post-7733","post","type-post","status-publish","format-standard","hentry","category-aktualnosci","category-zycie-szkoly"],"_links":{"self":[{"href":"https:\/\/kasprowicz.edu.pl\/index.php?rest_route=\/wp\/v2\/posts\/7733","targetHints":{"allow":["GET"]}}],"collection":[{"href":"https:\/\/kasprowicz.edu.pl\/index.php?rest_route=\/wp\/v2\/posts"}],"about":[{"href":"https:\/\/kasprowicz.edu.pl\/index.php?rest_route=\/wp\/v2\/types\/post"}],"author":[{"embeddable":true,"href":"https:\/\/kasprowicz.edu.pl\/index.php?rest_route=\/wp\/v2\/users\/1"}],"replies":[{"embeddable":true,"href":"https:\/\/kasprowicz.edu.pl\/index.php?rest_route=%2Fwp%2Fv2%2Fcomments&post=7733"}],"version-history":[{"count":11,"href":"https:\/\/kasprowicz.edu.pl\/index.php?rest_route=\/wp\/v2\/posts\/7733\/revisions"}],"predecessor-version":[{"id":7745,"href":"https:\/\/kasprowicz.edu.pl\/index.php?rest_route=\/wp\/v2\/posts\/7733\/revisions\/7745"}],"wp:attachment":[{"href":"https:\/\/kasprowicz.edu.pl\/index.php?rest_route=%2Fwp%2Fv2%2Fmedia&parent=7733"}],"wp:term":[{"taxonomy":"category","embeddable":true,"href":"https:\/\/kasprowicz.edu.pl\/index.php?rest_route=%2Fwp%2Fv2%2Fcategories&post=7733"},{"taxonomy":"post_tag","embeddable":true,"href":"https:\/\/kasprowicz.edu.pl\/index.php?rest_route=%2Fwp%2Fv2%2Ftags&post=7733"}],"curies":[{"name":"wp","href":"https:\/\/api.w.org\/{rel}","templated":true}]}}