{"id":6583,"date":"2021-04-28T11:00:40","date_gmt":"2021-04-28T09:00:40","guid":{"rendered":"https:\/\/kasprowicz.edu.pl\/?p=6583"},"modified":"2021-04-28T11:35:04","modified_gmt":"2021-04-28T09:35:04","slug":"komunikat-dyrektora-ii-liceum-ogolnoksztalcacego-im-jana-kasprowicza-w-kutnie-z-dnia-28-kwietnia-2021-r-dla-tegorocznych-absolwentow","status":"publish","type":"post","link":"https:\/\/kasprowicz.edu.pl\/?p=6583","title":{"rendered":"Komunikat Dyrektora II Liceum Og\u00f3lnokszta\u0142c\u0105cego im. Jana Kasprowicza w Kutnie z dnia 28 kwietnia 2021 r. dla tegorocznych absolwent\u00f3w!"},"content":{"rendered":"<p style=\"text-align: justify;\">Dyrektor II Liceum Og\u00f3lnokszta\u0142c\u0105cego im. Jana Kasprowicza w Kutnie informuje, i\u017c wr\u0119czenie \u015bwiadectw uko\u0144czenia szko\u0142y nast\u0105pi w dniu 30 kwietnia 2021 r. (pi\u0105tek) w godzinach 11.30-14.00 wed\u0142ug poni\u017cej zamieszczonego harmonogramu dla poszczeg\u00f3lnych oddzia\u0142\u00f3w. Wr\u0119czenie \u015bwiadectw wszystkim uczniom odb\u0119dzie si\u0119 w sali gimnastycznej w obecno\u015bci wychowawc\u00f3w klas, z zachowaniem pe\u0142nego re\u017cimu sanitarnego.<\/p>\n<p style=\"text-align: justify;\">Po odbi\u00f3r \u015bwiadectwa mog\u0105 zg\u0142osi\u0107 si\u0119 wy\u0142\u0105cznie uczniowie zdrowi, bez objaw\u00f3w choroby zaka\u017anej, kt\u00f3rzy nie s\u0105 obj\u0119ci kwarantann\u0105 lub izolacj\u0105, i w ci\u0105gu ostatnich 14 dni nie mia\u0142y kontaktu z osob\u0105 chor\u0105 z powodu infekcji wywo\u0142anej koronawirusem lub podejrzan\u0105 o takie zaka\u017cenie.<\/p>\n<p style=\"text-align: justify;\">Uczniowie przybywaj\u0105cy po odbi\u00f3r \u015bwiadectw wchodz\u0105 do szko\u0142y wej\u015bciem g\u0142\u00f3wnym (od ul. Okrzei), a opuszczaj\u0105 szko\u0142\u0119 wyj\u015bciem za sal\u0105 gimnastyczn\u0105 w kierunku ul. 29 Listopada.<\/p>\n<p style=\"text-align: justify;\">Od momentu wej\u015bcia do szko\u0142y wszyscy uczniowie s\u0105 zobowi\u0105zani do noszenia maseczki os\u0142aniaj\u0105cej usta i nos.<\/p>\n<p style=\"text-align: justify;\">Przed wej\u015bciem na teren szko\u0142y oraz w wyznaczonych do tego miejscach, wszystkich uczni\u00f3w obowi\u0105zuje dezynfekcja r\u0105k.<\/p>\n<p style=\"text-align: justify;\">Uczniowie po wej\u015bciu do szko\u0142y i dokonaniu czynno\u015bci dezynfekcyjnych, mog\u0105 uda\u0107 si\u0119 do szatni i zabra\u0107 z szafek potrzebne rzeczy, ale kluczyk od szafki ka\u017cdy ucze\u0144 zachowuje na okres matur (kluczyk nale\u017cy zwr\u00f3ci\u0107 przed odbiorem \u015bwiadectwa dojrza\u0142o\u015bci do sekretariatu szko\u0142y). Ksi\u0105\u017cki z biblioteki szkolnej mo\u017cna zwr\u00f3ci\u0107 w dniu zako\u0144czenia nauki lub w p\u00f3\u017aniejszym czasie (najp\u00f3\u017aniej przed odbiorem \u015bwiadectwa dojrza\u0142o\u015bci).<\/p>\n<p style=\"text-align: justify;\">Podczas przebywania na terenie szko\u0142y, jak r\u00f3wnie\u017c w sali gimnastycznej, wszystkich obowi\u0105zuje zachowanie co najmniej 1,5 m dystansu spo\u0142ecznego.<\/p>\n<p><span style=\"font-family: Times New Roman, serif;\"><span style=\"font-size: medium;\">Harmonogram wr\u0119czenia \u015bwiadectw dla poszczeg\u00f3lnych oddzia\u0142\u00f3w:<\/span><\/span><\/p>\n<p><span style=\"font-family: Times New Roman, serif;\"><span style=\"font-size: medium;\"><b>11.30 \u2013 klasa IIId \u2013 w zast\u0119p. wych. mgr A. Ambroziak<\/b><\/span><\/span><\/p>\n<p><span style=\"font-family: Times New Roman, serif;\"><span style=\"font-size: medium;\"><b>12.15 \u2013 klasa IIIb \u2013 wych. M. Bilicka-Bird<\/b><\/span><\/span><\/p>\n<p><span style=\"font-family: Times New Roman, serif;\"><span style=\"font-size: medium;\"><b>13.00 \u2013 klasa IIIa \u2013 wych. mgr M. Michalski<\/b><\/span><\/span><\/p>\n<p align=\"JUSTIFY\"><span style=\"font-family: Times New Roman, serif;\"><span style=\"font-size: medium;\">W przypadku jakichkolwiek pyta\u0144 lub wyst\u0105pienia ewentualnych problem\u00f3w, bardzo prosz\u0119 o zg\u0142aszanie tego faktu do sekretariatu szko\u0142y pod numerami telefon\u00f3w 24\u00a0355 74 30 lub 24\u00a0355 74 33.<\/span><\/span><\/p>\n<p style=\"text-align: right;\"><em>\u00a0<span style=\"font-family: Times New Roman, serif;\"><span style=\"font-size: medium;\">Z serdecznym pozdrowieniem<br \/>\nArtur Ciurlej<br \/>\nDyrektor II LO im. J. Kasprowicza w Kutnie<\/span><\/span><\/em><\/p>\n","protected":false},"excerpt":{"rendered":"<p>Dyrektor II Liceum Og\u00f3lnokszta\u0142c\u0105cego im. Jana Kasprowicza w Kutnie informuje, i\u017c wr\u0119czenie \u015bwiadectw uko\u0144czenia szko\u0142y nast\u0105pi w dniu 30 kwietnia<\/p>\n","protected":false},"author":1,"featured_media":3544,"comment_status":"open","ping_status":"open","sticky":false,"template":"","format":"standard","meta":{"colormag_page_container_layout":"default_layout","colormag_page_sidebar_layout":"default_layout","footnotes":""},"categories":[3,8],"tags":[],"class_list":["post-6583","post","type-post","status-publish","format-standard","has-post-thumbnail","hentry","category-aktualnosci","category-komunikaty"],"_links":{"self":[{"href":"https:\/\/kasprowicz.edu.pl\/index.php?rest_route=\/wp\/v2\/posts\/6583","targetHints":{"allow":["GET"]}}],"collection":[{"href":"https:\/\/kasprowicz.edu.pl\/index.php?rest_route=\/wp\/v2\/posts"}],"about":[{"href":"https:\/\/kasprowicz.edu.pl\/index.php?rest_route=\/wp\/v2\/types\/post"}],"author":[{"embeddable":true,"href":"https:\/\/kasprowicz.edu.pl\/index.php?rest_route=\/wp\/v2\/users\/1"}],"replies":[{"embeddable":true,"href":"https:\/\/kasprowicz.edu.pl\/index.php?rest_route=%2Fwp%2Fv2%2Fcomments&post=6583"}],"version-history":[{"count":2,"href":"https:\/\/kasprowicz.edu.pl\/index.php?rest_route=\/wp\/v2\/posts\/6583\/revisions"}],"predecessor-version":[{"id":6585,"href":"https:\/\/kasprowicz.edu.pl\/index.php?rest_route=\/wp\/v2\/posts\/6583\/revisions\/6585"}],"wp:featuredmedia":[{"embeddable":true,"href":"https:\/\/kasprowicz.edu.pl\/index.php?rest_route=\/wp\/v2\/media\/3544"}],"wp:attachment":[{"href":"https:\/\/kasprowicz.edu.pl\/index.php?rest_route=%2Fwp%2Fv2%2Fmedia&parent=6583"}],"wp:term":[{"taxonomy":"category","embeddable":true,"href":"https:\/\/kasprowicz.edu.pl\/index.php?rest_route=%2Fwp%2Fv2%2Fcategories&post=6583"},{"taxonomy":"post_tag","embeddable":true,"href":"https:\/\/kasprowicz.edu.pl\/index.php?rest_route=%2Fwp%2Fv2%2Ftags&post=6583"}],"curies":[{"name":"wp","href":"https:\/\/api.w.org\/{rel}","templated":true}]}}