{"id":5932,"date":"2021-04-19T08:23:53","date_gmt":"2021-04-19T06:23:53","guid":{"rendered":"https:\/\/kasprowicz.edu.pl\/?p=5932"},"modified":"2021-04-19T08:25:51","modified_gmt":"2021-04-19T06:25:51","slug":"kasprowicz-pamieta","status":"publish","type":"post","link":"https:\/\/kasprowicz.edu.pl\/?p=5932","title":{"rendered":"Kasprowicz pami\u0119ta"},"content":{"rendered":"<div class=\"\" dir=\"auto\">\n<div id=\"jsc_c_10\" class=\"ecm0bbzt hv4rvrfc ihqw7lf3 dati1w0a\" data-ad-comet-preview=\"message\" data-ad-preview=\"message\">\n<div class=\"j83agx80 cbu4d94t ew0dbk1b irj2b8pg\">\n<div class=\"qzhwtbm6 knvmm38d\">\n<div class=\"kvgmc6g5 cxmmr5t8 oygrvhab hcukyx3x c1et5uql ii04i59q\">\n<div dir=\"auto\" style=\"text-align: justify;\"><img loading=\"lazy\" decoding=\"async\" class=\"size-medium wp-image-5928 alignleft\" src=\"https:\/\/kasprowicz.edu.pl\/wp-content\/uploads\/2021\/04\/175027598_4597929406891039_7527050483566024517_n-212x300.jpg\" alt=\"\" width=\"212\" height=\"300\" \/>19 kwietnia 2021 r. przypada 78. rocznica wybuchu powstania w getcie warszawskim. W jego murach w 1940 roku zosta\u0142o zamkni\u0119tych prawie p\u00f3\u0142 miliona \u017byd\u00f3w z Warszawy i okolic. Umierali tam wskutek g\u0142odu, chor\u00f3b, niewolniczej pracy i egzekucji. Dwa lata p\u00f3\u017aniej Niemcy rozpocz\u0119li akcj\u0119 likwidacji. W ci\u0105gu dw\u00f3ch miesi\u0119cy deportowali do obozu zag\u0142ady w Treblince ok. 300 tys. wi\u0119\u017ani\u00f3w getta. Tysi\u0105ce zabili na miejscu. W tzw. getcie szcz\u0105tkowym pozosta\u0142o ju\u017c tylko oko\u0142o 60 tys. \u017byd\u00f3w. 19 kwietnia 1943 roku dwa tysi\u0105ce \u017co\u0142nierzy niemieckich wkroczy\u0142o do getta. Nie spodziewali si\u0119, \u017ce napotkaj\u0105 op\u00f3r ze strony kilkuset m\u0142odych ludzi, kt\u00f3rzy stan\u0119li do walki. Powstanie trwa\u0142o miesi\u0105c, ale bohaterstwo i odwaga uczestnik\u00f3w podziwiane s\u0105 do dzi\u015b. Do najbardziej znanych przyw\u00f3dc\u00f3w powstania nale\u017ca\u0142 Marek Edelman (Bund), kt\u00f3ry w ka\u017cd\u0105 rocznic\u0119 tych zdarze\u0144 dostawa\u0142 od anonimowej osoby \u017conkile. Sam r\u00f3wnie\u017c co roku 19 kwietnia, sk\u0142ada\u0142 \u017c\u00f3\u0142ty bukiet pod Pomnikiem Bohater\u00f3w Getta.<\/div>\n<div dir=\"auto\" style=\"text-align: justify;\">Dla uczczenia wydarze\u0144 w getcie Muzeum Historii \u017byd\u00f3w Polskich POLIN, ju\u017c po raz dziewi\u0105ty poprowadzi spo\u0142eczno-edukacyjn\u0105 akcj\u0119 \u201e\u017bonkile\u201d, w tym roku po\u015bwi\u0119con\u0105 w szczeg\u00f3lno\u015bci sylwetkom 9 bohaterskich kobiet, kt\u00f3re walczy\u0142y w czasie kwietniowego zrywu. Ich twarze mo\u017cemy zobaczy\u0107 na muralu na tzw. Patelni, przy wej\u015bciu do stacji Metro Centrum. Je\u015bli natomiast chcecie wiedzie\u0107 wi\u0119cej, kim by\u0142y, jak zmienia\u0142y si\u0119 podczas walki, co sta\u0142o si\u0119 z tymi, kt\u00f3re prze\u017cy\u0142y wojn\u0119, jaki by\u0142 stosunek m\u0119\u017cczyzn bojowc\u00f3w do walcz\u0105cych kole\u017canek i wreszcie, czym r\u00f3\u017cni\u0105 si\u0119 wspomnienia walcz\u0105cych kobiet od wspomnie\u0144 walcz\u0105cych m\u0119\u017cczyzn, przeczytajcie artyku\u0142: <a class=\"oajrlxb2 g5ia77u1 qu0x051f esr5mh6w e9989ue4 r7d6kgcz rq0escxv nhd2j8a9 nc684nl6 p7hjln8o kvgmc6g5 cxmmr5t8 oygrvhab hcukyx3x jb3vyjys rz4wbd8a qt6c0cv9 a8nywdso i1ao9s8h esuyzwwr f1sip0of lzcic4wl py34i1dx gpro0wi8\" tabindex=\"0\" role=\"link\" href=\"https:\/\/l.facebook.com\/l.php?u=https%3A%2F%2Fbit.ly%2F3toZoqd%3Ffbclid%3DIwAR3uVvqQSgNc7O6euPV8HTbpbPX2lVI05APSnaNB14PQeLc50F4KBXbQX04&amp;h=AT3O5t3X4Wj6j8qYNhKpdlc0a5cTRtRsuzjABqcanx_QGiGHPJXd4gZV2AgZj6XRtef4mGEaiKmLU2GwxIhx4uzDgWS3i7iq44_GW9HiQR6SuJZSZiZkX2__6olZFr_4bqvATO29Qw&amp;__tn__=-UK-R&amp;c[0]=AT2ABK0YDYn8RwjdMvdTbZocbTJsyxA1aYFj-jbugtCgJYP6RLX60mnskQo6Z7aUyTCiJawu0qm5Qp0sMVFrCxNV_Zz8sLVpZJfdfHckLbCYezdhXXzupvKuD5pNVY_F7l587aDE_V6x5XV-iRbrmR39sNBtv7WAps4LcGnUlCv8xs_BHN3cHikPigjwoGQL-vm-K5w\" target=\"_blank\" rel=\"nofollow noopener\">https:\/\/bit.ly\/3toZoqd<\/a>.<\/div>\n<div dir=\"auto\" style=\"text-align: justify;\">Bogaty program obchod\u00f3w znajdziecie na stronie muzeum: <a class=\"oajrlxb2 g5ia77u1 qu0x051f esr5mh6w e9989ue4 r7d6kgcz rq0escxv nhd2j8a9 nc684nl6 p7hjln8o kvgmc6g5 cxmmr5t8 oygrvhab hcukyx3x jb3vyjys rz4wbd8a qt6c0cv9 a8nywdso i1ao9s8h esuyzwwr f1sip0of lzcic4wl py34i1dx gpro0wi8\" tabindex=\"0\" role=\"link\" href=\"https:\/\/polin.pl\/pl\/akcja-zonkile-2021-program-obchodow?fbclid=IwAR0E0R8se9yvRlWcbqUKTG8ahyv750eZd0xCVnhflr4BCVbK9ZKWCJjRQHs\" target=\"_blank\" rel=\"nofollow noopener\">https:\/\/polin.pl\/pl\/akcja-zonkile-2021-program-obchodow<\/a>.<\/div>\n<div dir=\"auto\" style=\"text-align: justify;\">Do akcji \u017bonkile mog\u0105 do\u0142\u0105czy\u0107 wszyscy, z ka\u017cdego miejsca na \u015bwiecie, przypinaj\u0105c wirtualny \u017conkil, ogl\u0105daj\u0105c wideo-spacer, s\u0142uchaj\u0105c debaty czy koncertu.<\/div>\n<div dir=\"auto\"><\/div>\n<div dir=\"auto\"><\/div>\n<\/div>\n<\/div>\n<\/div>\n<\/div>\n<\/div>\n","protected":false},"excerpt":{"rendered":"<p>19 kwietnia 2021 r. przypada 78. rocznica wybuchu powstania w getcie warszawskim. W jego murach w 1940 roku zosta\u0142o zamkni\u0119tych<\/p>\n","protected":false},"author":1,"featured_media":0,"comment_status":"open","ping_status":"open","sticky":false,"template":"","format":"standard","meta":{"colormag_page_container_layout":"default_layout","colormag_page_sidebar_layout":"default_layout","footnotes":""},"categories":[3],"tags":[],"class_list":["post-5932","post","type-post","status-publish","format-standard","hentry","category-aktualnosci"],"_links":{"self":[{"href":"https:\/\/kasprowicz.edu.pl\/index.php?rest_route=\/wp\/v2\/posts\/5932","targetHints":{"allow":["GET"]}}],"collection":[{"href":"https:\/\/kasprowicz.edu.pl\/index.php?rest_route=\/wp\/v2\/posts"}],"about":[{"href":"https:\/\/kasprowicz.edu.pl\/index.php?rest_route=\/wp\/v2\/types\/post"}],"author":[{"embeddable":true,"href":"https:\/\/kasprowicz.edu.pl\/index.php?rest_route=\/wp\/v2\/users\/1"}],"replies":[{"embeddable":true,"href":"https:\/\/kasprowicz.edu.pl\/index.php?rest_route=%2Fwp%2Fv2%2Fcomments&post=5932"}],"version-history":[{"count":4,"href":"https:\/\/kasprowicz.edu.pl\/index.php?rest_route=\/wp\/v2\/posts\/5932\/revisions"}],"predecessor-version":[{"id":5936,"href":"https:\/\/kasprowicz.edu.pl\/index.php?rest_route=\/wp\/v2\/posts\/5932\/revisions\/5936"}],"wp:attachment":[{"href":"https:\/\/kasprowicz.edu.pl\/index.php?rest_route=%2Fwp%2Fv2%2Fmedia&parent=5932"}],"wp:term":[{"taxonomy":"category","embeddable":true,"href":"https:\/\/kasprowicz.edu.pl\/index.php?rest_route=%2Fwp%2Fv2%2Fcategories&post=5932"},{"taxonomy":"post_tag","embeddable":true,"href":"https:\/\/kasprowicz.edu.pl\/index.php?rest_route=%2Fwp%2Fv2%2Ftags&post=5932"}],"curies":[{"name":"wp","href":"https:\/\/api.w.org\/{rel}","templated":true}]}}