{"id":5809,"date":"2021-04-08T12:01:20","date_gmt":"2021-04-08T10:01:20","guid":{"rendered":"https:\/\/kasprowicz.edu.pl\/?p=5809"},"modified":"2021-04-08T12:01:20","modified_gmt":"2021-04-08T10:01:20","slug":"komunikat-dyrektora-ii-liceum-ogolnoksztalcacego-im-jana-kasprowicza-w-kutnie-z-dnia-08-kwietnia-2021-r","status":"publish","type":"post","link":"https:\/\/kasprowicz.edu.pl\/?p=5809","title":{"rendered":"Komunikat Dyrektora II Liceum Og\u00f3lnokszta\u0142c\u0105cego im. Jana Kasprowicza w Kutnie z dnia 08 kwietnia 2021 r."},"content":{"rendered":"<p>Szanowni Rodzice!<\/p>\n<p style=\"text-align: justify;\" align=\"JUSTIFY\">Dyrektor II Liceum Og\u00f3lnokszta\u0142c\u0105cego im. Jana Kasprowicza w Kutnie informuje, \u017ce z uwagi na panuj\u0105c\u0105 sytuacj\u0119 epidemiczn\u0105, zebrania rodzic\u00f3w z wychowawcami, pierwotnie zaplanowane na dzie\u0144 31 marca br., odb\u0119d\u0105 si\u0119 w poniedzia\u0142ek 12 kwietnia 2021 r. o godz. 16.30 w formie zdalnej z wykorzystaniem aplikacji Teams na\u00a0platformie Office\u00a0365.<\/p>\n<p style=\"text-align: justify;\" align=\"JUSTIFY\">Wszyscy uczniowie i nauczyciele naszej szko\u0142y maj\u0105 utworzone indywidualne konta na w\/w platformie, tak wi\u0119c istnieje mo\u017cliwo\u015b\u0107 prowadzenia spotka\u0144 online poprzez konta uczniowskie z rodzicami.<\/p>\n<p style=\"text-align: justify;\">Jednocze\u015bnie prosz\u0119 rodzic\u00f3w\/prawnych opiekun\u00f3w o zg\u0142aszanie wychowawcom klas ewentualnej potrzeby rozmowy z nauczycielem danego przedmiotu, kt\u00f3ry po otrzymaniu takiej informacji od wychowawcy, skontaktuje si\u0119 z Pa\u0144stwem nie p\u00f3\u017aniej ni\u017c do dnia 16 kwietnia 2021 r.<\/p>\n<p>&nbsp;<\/p>\n<p style=\"text-align: right;\"><span style=\"font-family: Times New Roman, serif;\"><span style=\"font-size: medium;\"><em>Z wyrazami szacunku i pozdrowieniami<\/em><br \/>\n<em>Artur Ciurlej<\/em><br \/>\n<em>Dyrektor II Liceum Og\u00f3lnokszta\u0142c\u0105cego<\/em><br \/>\n<em>im. Jana Kasprowicza w Kutnie<\/em><\/span><\/span><\/p>\n","protected":false},"excerpt":{"rendered":"<p>Szanowni Rodzice! Dyrektor II Liceum Og\u00f3lnokszta\u0142c\u0105cego im. Jana Kasprowicza w Kutnie informuje, \u017ce z uwagi na panuj\u0105c\u0105 sytuacj\u0119 epidemiczn\u0105, zebrania<\/p>\n","protected":false},"author":1,"featured_media":3544,"comment_status":"open","ping_status":"open","sticky":false,"template":"","format":"standard","meta":{"colormag_page_container_layout":"default_layout","colormag_page_sidebar_layout":"default_layout","footnotes":""},"categories":[3,8],"tags":[],"class_list":["post-5809","post","type-post","status-publish","format-standard","has-post-thumbnail","hentry","category-aktualnosci","category-komunikaty"],"_links":{"self":[{"href":"https:\/\/kasprowicz.edu.pl\/index.php?rest_route=\/wp\/v2\/posts\/5809","targetHints":{"allow":["GET"]}}],"collection":[{"href":"https:\/\/kasprowicz.edu.pl\/index.php?rest_route=\/wp\/v2\/posts"}],"about":[{"href":"https:\/\/kasprowicz.edu.pl\/index.php?rest_route=\/wp\/v2\/types\/post"}],"author":[{"embeddable":true,"href":"https:\/\/kasprowicz.edu.pl\/index.php?rest_route=\/wp\/v2\/users\/1"}],"replies":[{"embeddable":true,"href":"https:\/\/kasprowicz.edu.pl\/index.php?rest_route=%2Fwp%2Fv2%2Fcomments&post=5809"}],"version-history":[{"count":1,"href":"https:\/\/kasprowicz.edu.pl\/index.php?rest_route=\/wp\/v2\/posts\/5809\/revisions"}],"predecessor-version":[{"id":5810,"href":"https:\/\/kasprowicz.edu.pl\/index.php?rest_route=\/wp\/v2\/posts\/5809\/revisions\/5810"}],"wp:featuredmedia":[{"embeddable":true,"href":"https:\/\/kasprowicz.edu.pl\/index.php?rest_route=\/wp\/v2\/media\/3544"}],"wp:attachment":[{"href":"https:\/\/kasprowicz.edu.pl\/index.php?rest_route=%2Fwp%2Fv2%2Fmedia&parent=5809"}],"wp:term":[{"taxonomy":"category","embeddable":true,"href":"https:\/\/kasprowicz.edu.pl\/index.php?rest_route=%2Fwp%2Fv2%2Fcategories&post=5809"},{"taxonomy":"post_tag","embeddable":true,"href":"https:\/\/kasprowicz.edu.pl\/index.php?rest_route=%2Fwp%2Fv2%2Ftags&post=5809"}],"curies":[{"name":"wp","href":"https:\/\/api.w.org\/{rel}","templated":true}]}}